{"id":72972,"date":"2026-01-28T15:25:49","date_gmt":"2026-01-28T14:25:49","guid":{"rendered":"https:\/\/www.baltrag.com\/?p=72972"},"modified":"2026-01-28T15:25:49","modified_gmt":"2026-01-28T14:25:49","slug":"nouvel-elan","status":"publish","type":"post","link":"https:\/\/www.baltrag.com\/fr\/nouvel-elan\/","title":{"rendered":"Nouvel \u00e9lan"},"content":{"rendered":"<h1><strong>Fa\u00e7onner l&rsquo;avenir ensemble&nbsp;: nouvel \u00e9lan, une \u00e9quipe solide, des objectifs clairs<\/strong><\/h1>\n<p>Le monde du travail \u00e9volue \u00e0 un rythme sans pr\u00e9c\u00e9dent. La transformation num\u00e9rique, les attentes croissantes en mati\u00e8re de qualit\u00e9 et d&rsquo;efficacit\u00e9, et la p\u00e9nurie persistante de professionnels qualifi\u00e9s remod\u00e8lent le fonctionnement des entreprises. Dans cet environnement, une chose est claire&nbsp;: le succ\u00e8s durable commence par investir dans les personnes, car elles sont les v\u00e9ritables moteurs de l&rsquo;innovation et de la performance.<\/p>\n<p>C&rsquo;est l\u00e0 que <strong>Baltrag AG<\/strong> fait la diff\u00e9rence.<\/p>\n<h1><strong>Un bon d\u00e9part avec de nouveaux talents<\/strong><\/h1>\n<p>Au cours des derni\u00e8res semaines, nous avons \u00e9t\u00e9 ravis d&rsquo;accueillir plusieurs nouveaux coll\u00e8gues chez Baltrag AG. D\u00e8s le premier jour, ils ont apport\u00e9 de nouvelles perspectives, un engagement fort et un niveau \u00e9lev\u00e9 de motivation \u00e0 nos \u00e9quipes. Leur int\u00e9gration r\u00e9ussie souligne la valeur d&rsquo;un \u00e9tat d&rsquo;esprit collaboratif, d&rsquo;une culture d&rsquo;entreprise ouverte et d&rsquo;objectifs communs clairement d\u00e9finis.<\/p>\n<p>Nous sommes fiers de ce pr\u00e9cieux renfort et souhaitons une fois de plus leur adresser un accueil chaleureux&nbsp;: <strong>Bienvenue chez Baltrag AG&nbsp;!<\/strong> Nous sommes ravis de vous avoir \u00e0 bord et nous sommes impatients de fa\u00e7onner l&rsquo;avenir ensemble.<\/p>\n<h1><strong>Mener au succ\u00e8s \u2013 Ensemble<\/strong><\/h1>\n<p>Pour nous, un bon d\u00e9part est plus qu&rsquo;une \u00e9tape importante&nbsp;; c&rsquo;est un signal clair de notre orientation future. Gr\u00e2ce \u00e0 des forces combin\u00e9es, une confiance mutuelle et une ambition commune de cro\u00eetre et de nous am\u00e9liorer continuellement, nous abordons les projets et les d\u00e9fis \u00e0 venir avec confiance et enthousiasme.<\/p>\n<p>Nous croyons fermement que le v\u00e9ritable succ\u00e8s \u00e9merge l\u00e0 o\u00f9 l&rsquo;expertise, l&rsquo;esprit d&rsquo;\u00e9quipe et la passion se rencontrent. C&rsquo;est la voie que nous continuerons \u00e0 suivre, avec toute notre \u00e9quipe.<\/p>\n<p>Place aux projets innovants, \u00e0 la croissance durable et aux nombreux nouveaux succ\u00e8s \u00e0 venir<\/p>\n","protected":false},"excerpt":{"rendered":"<p>Fa\u00e7onner l&rsquo;avenir ensemble&nbsp;: nouvel \u00e9lan, une \u00e9quipe solide, des objectifs clairs Le monde du travail \u00e9volue \u00e0 un rythme sans pr\u00e9c\u00e9dent. La transformation num\u00e9rique, les attentes croissantes en mati\u00e8re de qualit\u00e9 et d&rsquo;efficacit\u00e9, et la p\u00e9nurie persistante de professionnels qualifi\u00e9s remod\u00e8lent le fonctionnement des entreprises. Dans cet environnement, une chose est claire&nbsp;: le succ\u00e8s durable [&hellip;]<\/p>\n","protected":false},"author":4,"featured_media":72977,"comment_status":"closed","ping_status":"closed","sticky":false,"template":"","format":"standard","meta":{"_et_pb_use_builder":"","_et_pb_old_content":"","_et_gb_content_width":"","footnotes":""},"categories":[34],"tags":[],"class_list":["post-72972","post","type-post","status-publish","format-standard","has-post-thumbnail","hentry","category-non-classifiee"],"_links":{"self":[{"href":"https:\/\/www.baltrag.com\/fr\/wp-json\/wp\/v2\/posts\/72972","targetHints":{"allow":["GET"]}}],"collection":[{"href":"https:\/\/www.baltrag.com\/fr\/wp-json\/wp\/v2\/posts"}],"about":[{"href":"https:\/\/www.baltrag.com\/fr\/wp-json\/wp\/v2\/types\/post"}],"author":[{"embeddable":true,"href":"https:\/\/www.baltrag.com\/fr\/wp-json\/wp\/v2\/users\/4"}],"replies":[{"embeddable":true,"href":"https:\/\/www.baltrag.com\/fr\/wp-json\/wp\/v2\/comments?post=72972"}],"version-history":[{"count":0,"href":"https:\/\/www.baltrag.com\/fr\/wp-json\/wp\/v2\/posts\/72972\/revisions"}],"wp:featuredmedia":[{"embeddable":true,"href":"https:\/\/www.baltrag.com\/fr\/wp-json\/wp\/v2\/media\/72977"}],"wp:attachment":[{"href":"https:\/\/www.baltrag.com\/fr\/wp-json\/wp\/v2\/media?parent=72972"}],"wp:term":[{"taxonomy":"category","embeddable":true,"href":"https:\/\/www.baltrag.com\/fr\/wp-json\/wp\/v2\/categories?post=72972"},{"taxonomy":"post_tag","embeddable":true,"href":"https:\/\/www.baltrag.com\/fr\/wp-json\/wp\/v2\/tags?post=72972"}],"curies":[{"name":"wp","href":"https:\/\/api.w.org\/{rel}","templated":true}]}}